{"id":18067,"date":"2025-08-27T21:30:27","date_gmt":"2025-08-27T19:30:27","guid":{"rendered":"https:\/\/www.holisticattitude.com\/?p=18067"},"modified":"2025-08-27T21:30:34","modified_gmt":"2025-08-27T19:30:34","slug":"%f0%9f%a5%ac-endives-chicoree-un-tresor-pour-la-sante-et-lharmonie-interieure","status":"publish","type":"post","link":"https:\/\/www.holisticattitude.com\/%f0%9f%a5%ac-endives-chicoree-un-tresor-pour-la-sante-et-lharmonie-interieure\/","title":{"rendered":"\ud83e\udd6c<strong> Endives &#038; chicor\u00e9e : un tr\u00e9sor pour la sant\u00e9 et l\u2019harmonie int\u00e9rieure<\/strong>"},"content":{"rendered":"<p><div id=\"attachment_18079\" style=\"width: 252px\" class=\"wp-caption aligncenter\"><img loading=\"lazy\" decoding=\"async\" aria-describedby=\"caption-attachment-18079\" src=\"https:\/\/www.holisticattitude.com\/wp-content\/uploads\/\/endives2.png\" alt=\"Endives2\" width=\"242\" height=\"161\" class=\"size-full wp-image-18079\" \/><p id=\"caption-attachment-18079\" class=\"wp-caption-text\">Riches en fibres pr\u00e9biotiques<\/p><\/div>Il y a quelques jours, j\u2019ai remplac\u00e9 ma salade verte habituelle par\u2026 des endives.<br \/>\nUne envie spontan\u00e9e, presque instinctive. Et en creusant un peu, j\u2019ai d\u00e9couvert que mon corps avait peut-\u00eatre ses raisons.<\/p>\n<p>\ud83c\udf31 <strong>La grande famille des chicor\u00e9es<\/strong><\/p>\n<p>L\u2019endive fait partie de la famille des chicor\u00e9es (Cichorium intybus), qui regroupe aussi la fris\u00e9e, la scarole, le radicchio et m\u00eame la chicor\u00e9e torr\u00e9fi\u00e9e que l\u2019on boit en infusion. Toutes partagent un point commun : une l\u00e9g\u00e8re amertume qui, loin d\u2019\u00eatre un d\u00e9faut, est un atout pour notre sant\u00e9.<br \/>\n<!--more--><\/p>\n<p>\ud83d\udc8e <strong>Les bienfaits cl\u00e9s des endives et chicor\u00e9es<\/strong><\/p>\n<p>Riches en<strong> fibres, pr\u00e9biotiques<\/strong> : elles contiennent <strong>de l\u2019inuline<\/strong>, qui nourrit les <strong>bonnes bact\u00e9ries intestinales<\/strong> et am\u00e9liore la digestion.<\/p>\n<p>Amies du foie : l\u2019amertume stimule la production <strong>de bile<\/strong> et facilite la digestion des graisses.<br \/>\n<!--more--><\/p>\n<p>Source pr\u00e9cieuse de vitamine B9 (folates) : indispensable pour la r\u00e9g\u00e9n\u00e9ration cellulaire, l\u2019\u00e9nergie mentale et l\u2019\u00e9quilibre \u00e9motionnel.<\/p>\n<p>Hydratantes et l\u00e9g\u00e8res : compos\u00e9es \u00e0 plus <strong>de 90 % d\u2019eau<\/strong>, elles soutiennent l\u2019hydratation et aident \u00e0 drainer l\u2019exc\u00e8s de liquide.<\/p>\n<p><strong>Riches en min\u00e9raux<\/strong> : potassium, calcium, magn\u00e9sium, essentiels au bon fonctionnement musculaire et nerveux.<\/p>\n<p>\ud83e\udd57<strong> Endive vs salade verte : le petit plus nutritif<\/strong><\/p>\n<p>Pour 100 g, l\u2019endive contient un peu plus de <strong>vitamine B9<\/strong> que la laitue (142 \u00b5g vs 136 \u00b5g). ainsi que plus de <strong>vitamine C<\/strong>, un peu plus de fibres et une action digestive renforc\u00e9e gr\u00e2ce \u00e0 son amertume.<\/p>\n<p>\ud83d\udc9a <strong>\u00c9couter son corps<\/strong><\/p>\n<p>Parfois, nos envies alimentaires sont des signaux. Ce jour-l\u00e0, en choisissant des endives, j\u2019ai peut-\u00eatre r\u00e9pondu \u00e0 un besoin de soutien pour ma digestion, mon \u00e9nergie et m\u00eame mon moral.<br \/>\nNotre corps poss\u00e8de une intelligence subtile : il nous parle \u00e0 travers nos go\u00fbts, nos envies\u2026 \u00e0 nous d\u2019\u00e9couter.<\/p>\n<p>\ud83d\udca1 <strong>Astuce gourmande <\/strong>: pour adoucir l\u2019amertume de l\u2019endive crue, retirez le petit c\u00f4ne \u00e0 la base et associez-la \u00e0 des saveurs sucr\u00e9es comme la pomme, l\u2019orange ou un filet de miel.<\/p>\n<div id=\"attachment_18077\" style=\"width: 376px\" class=\"wp-caption aligncenter\"><img loading=\"lazy\" decoding=\"async\" aria-describedby=\"caption-attachment-18077\" src=\"https:\/\/www.holisticattitude.com\/wp-content\/uploads\/\/Endive_aout2025.jpg\" alt=\"Endive aout2025\" width=\"366\" height=\"550\" class=\"size-full wp-image-18077\" srcset=\"https:\/\/www.holisticattitude.com\/wp-content\/uploads\/Endive_aout2025.jpg 366w, https:\/\/www.holisticattitude.com\/wp-content\/uploads\/Endive_aout2025-200x300.jpg 200w\" sizes=\"auto, (max-width: 366px) 100vw, 366px\" \/><p id=\"caption-attachment-18077\" class=\"wp-caption-text\">Pour 100 g, l\u2019endive contient un peu plus de vitamine B9 que la laitue (142 \u00b5g vs 136 \u00b5g).<\/p><\/div>\n","protected":false},"excerpt":{"rendered":"<p>Il y a quelques jours, j\u2019ai remplac\u00e9 ma salade verte habituelle par\u2026 des endives. Une envie spontan\u00e9e, presque instinctive. Et en creusant un peu, j\u2019ai d\u00e9couvert que mon corps avait peut-\u00eatre ses raisons. \ud83c\udf31 La grande famille des chicor\u00e9es L\u2019endive fait partie de la famille des chicor\u00e9es (Cichorium intybus), qui regroupe aussi la fris\u00e9e, la [&hellip;]<\/p>\n","protected":false},"author":1,"featured_media":0,"comment_status":"open","ping_status":"open","sticky":false,"template":"","format":"standard","meta":{"_monsterinsights_skip_tracking":false,"_monsterinsights_sitenote_active":false,"_monsterinsights_sitenote_note":"","_monsterinsights_sitenote_category":0,"slim_seo":{"title":"\ud83e\udd6c Endives & chicor\u00e9e : un tr\u00e9sor pour la sant\u00e9 et l\u2019harmonie int\u00e9rieure - Holistic Attitude","description":"Riches en fibres pr\u00e9biotiques Il y a quelques jours, j\u2019ai remplac\u00e9 ma salade verte habituelle par\u2026 des endives. Une envie spontan\u00e9e, presque instinctive. Et en"},"footnotes":""},"categories":[3],"tags":[1661,1653,1658,1649,980,98,1651,232,1660,1650,1659,1652],"class_list":["post-18067","post","type-post","status-publish","format-standard","hentry","category-messages","tag-amies-du-foie","tag-bonnes-bacteries-intestinales","tag-endives","tag-endives-chicoree","tag-fibre","tag-foie","tag-inuline","tag-prebiotiques","tag-riches-en-mineraux","tag-salade-verte","tag-source-precieuse-de-vitamine-b9-folates","tag-vitamine-b9"],"_links":{"self":[{"href":"https:\/\/www.holisticattitude.com\/wp-json\/wp\/v2\/posts\/18067","targetHints":{"allow":["GET"]}}],"collection":[{"href":"https:\/\/www.holisticattitude.com\/wp-json\/wp\/v2\/posts"}],"about":[{"href":"https:\/\/www.holisticattitude.com\/wp-json\/wp\/v2\/types\/post"}],"author":[{"embeddable":true,"href":"https:\/\/www.holisticattitude.com\/wp-json\/wp\/v2\/users\/1"}],"replies":[{"embeddable":true,"href":"https:\/\/www.holisticattitude.com\/wp-json\/wp\/v2\/comments?post=18067"}],"version-history":[{"count":7,"href":"https:\/\/www.holisticattitude.com\/wp-json\/wp\/v2\/posts\/18067\/revisions"}],"predecessor-version":[{"id":18082,"href":"https:\/\/www.holisticattitude.com\/wp-json\/wp\/v2\/posts\/18067\/revisions\/18082"}],"wp:attachment":[{"href":"https:\/\/www.holisticattitude.com\/wp-json\/wp\/v2\/media?parent=18067"}],"wp:term":[{"taxonomy":"category","embeddable":true,"href":"https:\/\/www.holisticattitude.com\/wp-json\/wp\/v2\/categories?post=18067"},{"taxonomy":"post_tag","embeddable":true,"href":"https:\/\/www.holisticattitude.com\/wp-json\/wp\/v2\/tags?post=18067"}],"curies":[{"name":"wp","href":"https:\/\/api.w.org\/{rel}","templated":true}]}}